{"id":1263,"date":"2021-04-21T18:00:51","date_gmt":"2021-04-22T02:00:51","guid":{"rendered":"http:\/\/vancubavsblockade.org\/?p=1263"},"modified":"2021-04-21T18:00:56","modified_gmt":"2021-04-22T02:00:56","slug":"car-caravans-against-the-u-s-blockade-on-cuba","status":"publish","type":"post","link":"http:\/\/vancubavsblockade.org\/index.php\/2021\/04\/21\/car-caravans-against-the-u-s-blockade-on-cuba\/","title":{"rendered":"Car Caravans against the U.S. Blockade on Cuba"},"content":{"rendered":"\n<p>People from across Canada are joining the worldwide movement of car caravans against the U.S. Blockade of Cuba on the last Sunday of the month! On Sunday, April 25, 2021 Winnipeg, Vancouver, Nanaimo and Montreal are hosting car caravans against the U.S. Blockade on Cuba!<\/p>\n\n\n\n<p class=\"has-vivid-red-color has-text-color\" style=\"font-size:25px\"><strong>Vancouver<\/strong><\/p>\n\n\n\n<p>Sunday, April 25, 2021<br>11:30am (local time)<br>For location information please email:&nbsp;<a href=\"mailto:nobloqueovancouver@gmail.com\">nobloqueovancouver@gmail.com<\/a><\/p>\n\n\n\n<figure class=\"wp-block-image is-resized\"><img loading=\"lazy\" src=\"http:\/\/vancubavsblockade.org\/wp-content\/uploads\/2021\/04\/WhatsApp-Image-2021-04-02-at-6.47.30-PM-1.jpeg\" alt=\"\" width=\"504\" height=\"308\"\/><\/figure>\n\n\n\n<p class=\"has-vivid-red-color has-text-color\" style=\"font-size:25px\"><strong>Montreal<\/strong><\/p>\n\n\n\n<p>Dimanche 25 avril, 2021<br>14H (heure locale)<br>D\u00e9part du: Stationnement Coin Sherbrooke Et Calixa-Lavall\u00e9e<br>Pour ceux et celles qui n\u2019ont pas de voiture, venez \u00e0 bicyclette ou encore rejoignez la caravane avec pancartes et banni\u00e8res devant le consulat des \u00c9tats-Unis, d\u00e8s 15 h.<\/p>\n\n\n\n<figure class=\"wp-block-image is-resized\"><img loading=\"lazy\" src=\"http:\/\/canadiannetworkoncuba.ca\/images\/stories\/montreal-car-caravan-april.jpg\" alt=\"\" width=\"375\" height=\"489\"\/><\/figure>\n\n\n\n<p class=\"has-vivid-red-color has-text-color\" style=\"font-size:25px\"><strong>Winnipeg<\/strong><\/p>\n\n\n\n<p>Sunday, April 25, 2021<br>12:00pm (local time)<br>Meet up place:<br>Parking lot across Canadian Museum for Human Rights at The Forks<\/p>\n\n\n\n<figure class=\"wp-block-image is-resized\"><img loading=\"lazy\" src=\"http:\/\/canadiannetworkoncuba.ca\/images\/stories\/winnipeg-car-caravan-april.jpg\" alt=\"\" width=\"322\" height=\"450\"\/><\/figure>\n\n\n\n<p class=\"has-vivid-red-color has-text-color\" style=\"font-size:25px\"><strong>Nanaimo<\/strong><\/p>\n\n\n\n<p>Sunday, April 25, 2021<br>2:00pm (local time)<br>Meet up place:<br>Terminal Park Shopping Mall parking lot<br>between Charlie Brown&#8217;s and the Dollarama, north of Fas Gas<\/p>\n\n\n\n<figure class=\"wp-block-image is-resized\"><img loading=\"lazy\" src=\"http:\/\/canadiannetworkoncuba.ca\/images\/stories\/no-mas-bloqueo.jpg\" alt=\"\" width=\"510\" height=\"281\"\/><\/figure>\n\n\n\n<p style=\"font-size:18px\"><strong>For Car Caravans across the United States visit:<\/strong> <a rel=\"noreferrer noopener\" href=\"http:\/\/nnoc.info\/sunday-april-25-solidarity-with-cuban-families-unblockcuba-now\/\" target=\"_blank\">http:\/\/nnoc.info\/sunday-april-25-solidarity-with-cuban-families-unblockcuba-now\/<\/a><\/p>\n\n\n\n<p><\/p>\n","protected":false},"excerpt":{"rendered":"<p>People from across Canada are joining the worldwide movement of car caravans against the U.S. Blockade of Cuba on the last Sunday of the month! On Sunday, April 25, 2021 Winnipeg, Vancouver, Nanaimo and Montreal are hosting car caravans against the U.S. Blockade on Cuba! Vancouver Sunday, April 25, 202111:30am (local time)For location information please email:&nbsp;nobloqueovancouver@gmail.com Montreal Dimanche 25 avril, 202114H (heure locale)D\u00e9part du: Stationnement Coin Sherbrooke Et Calixa-Lavall\u00e9ePour ceux et celles qui n\u2019ont pas de voiture, venez \u00e0 bicyclette ou encore rejoignez la caravane avec pancartes et banni\u00e8res devant le consulat des \u00c9tats-Unis, d\u00e8s 15 h. Winnipeg Sunday, April 25, 202112:00pm (local time)Meet up place:Parking lot across Canadian Museum for Human Rights at The Forks Nanaimo Sunday, April 25, 20212:00pm (local time)Meet up place:Terminal Park Shopping Mall parking lotbetween Charlie Brown&#8217;s and the Dollarama, north of Fas Gas For Car Caravans across the United States visit: http:\/\/nnoc.info\/sunday-april-25-solidarity-with-cuban-families-unblockcuba-now\/<\/p>\n","protected":false},"author":1,"featured_media":1193,"comment_status":"closed","ping_status":"closed","sticky":false,"template":"","format":"standard","meta":{"spay_email":"","jetpack_publicize_message":"April 25: 4 cities across Canada & Quebec are joining the global car caravans against the #US blockade on #Cuba #Montreal #Winnipeg #Vancouver #Nanaimo #UnblockCuba #UnblockCuba2021 #NoMasBloqueo #PuentesDeAmor","jetpack_is_tweetstorm":false},"categories":[13,2],"tags":[],"jetpack_featured_media_url":"http:\/\/vancubavsblockade.org\/wp-content\/uploads\/2021\/03\/vancouver-march-2021-car-caravan-1-e1615943504422.jpeg","jetpack_publicize_connections":[],"jetpack_sharing_enabled":true,"jetpack_shortlink":"https:\/\/wp.me\/p7dbkE-kn","_links":{"self":[{"href":"http:\/\/vancubavsblockade.org\/index.php\/wp-json\/wp\/v2\/posts\/1263"}],"collection":[{"href":"http:\/\/vancubavsblockade.org\/index.php\/wp-json\/wp\/v2\/posts"}],"about":[{"href":"http:\/\/vancubavsblockade.org\/index.php\/wp-json\/wp\/v2\/types\/post"}],"author":[{"embeddable":true,"href":"http:\/\/vancubavsblockade.org\/index.php\/wp-json\/wp\/v2\/users\/1"}],"replies":[{"embeddable":true,"href":"http:\/\/vancubavsblockade.org\/index.php\/wp-json\/wp\/v2\/comments?post=1263"}],"version-history":[{"count":7,"href":"http:\/\/vancubavsblockade.org\/index.php\/wp-json\/wp\/v2\/posts\/1263\/revisions"}],"predecessor-version":[{"id":1271,"href":"http:\/\/vancubavsblockade.org\/index.php\/wp-json\/wp\/v2\/posts\/1263\/revisions\/1271"}],"wp:featuredmedia":[{"embeddable":true,"href":"http:\/\/vancubavsblockade.org\/index.php\/wp-json\/wp\/v2\/media\/1193"}],"wp:attachment":[{"href":"http:\/\/vancubavsblockade.org\/index.php\/wp-json\/wp\/v2\/media?parent=1263"}],"wp:term":[{"taxonomy":"category","embeddable":true,"href":"http:\/\/vancubavsblockade.org\/index.php\/wp-json\/wp\/v2\/categories?post=1263"},{"taxonomy":"post_tag","embeddable":true,"href":"http:\/\/vancubavsblockade.org\/index.php\/wp-json\/wp\/v2\/tags?post=1263"}],"curies":[{"name":"wp","href":"https:\/\/api.w.org\/{rel}","templated":true}]}}