{"id":2117,"date":"2023-05-21T15:25:48","date_gmt":"2023-05-21T23:25:48","guid":{"rendered":"http:\/\/vancubavsblockade.org\/?p=2117"},"modified":"2023-05-25T13:10:09","modified_gmt":"2023-05-25T21:10:09","slug":"may-25-2023-cubans-speak-in-vancouver-cuba-today-a-revolution-in-motion","status":"publish","type":"post","link":"http:\/\/vancubavsblockade.org\/index.php\/2023\/05\/21\/may-25-2023-cubans-speak-in-vancouver-cuba-today-a-revolution-in-motion\/","title":{"rendered":"May 25, 2023: Cubans Speak in Vancouver! &#8220;Cuba Today: A Revolution in Motion&#8221;"},"content":{"rendered":"\n<figure class=\"wp-block-image size-large\"><img data-attachment-id=\"2126\" data-permalink=\"http:\/\/vancubavsblockade.org\/index.php\/2023\/05\/21\/may-25-2023-cubans-speak-in-vancouver-cuba-today-a-revolution-in-motion\/230525-cuba-today-a-revolution-in-motion-3\/\" data-orig-file=\"http:\/\/vancubavsblockade.org\/wp-content\/uploads\/2023\/05\/230525-cuba-today-a-revolution-in-motion-3.jpg\" data-orig-size=\"1600,1600\" data-comments-opened=\"0\" data-image-meta=\"{&quot;aperture&quot;:&quot;0&quot;,&quot;credit&quot;:&quot;&quot;,&quot;camera&quot;:&quot;&quot;,&quot;caption&quot;:&quot;&quot;,&quot;created_timestamp&quot;:&quot;0&quot;,&quot;copyright&quot;:&quot;&quot;,&quot;focal_length&quot;:&quot;0&quot;,&quot;iso&quot;:&quot;0&quot;,&quot;shutter_speed&quot;:&quot;0&quot;,&quot;title&quot;:&quot;&quot;,&quot;orientation&quot;:&quot;0&quot;}\" data-image-title=\"230525-cuba-today-a-revolution-in-motion\" data-image-description=\"\" data-medium-file=\"http:\/\/vancubavsblockade.org\/wp-content\/uploads\/2023\/05\/230525-cuba-today-a-revolution-in-motion-3-300x300.jpg\" data-large-file=\"http:\/\/vancubavsblockade.org\/wp-content\/uploads\/2023\/05\/230525-cuba-today-a-revolution-in-motion-3-1024x1024.jpg\" loading=\"lazy\" width=\"1024\" height=\"1024\" src=\"http:\/\/vancubavsblockade.org\/wp-content\/uploads\/2023\/05\/230525-cuba-today-a-revolution-in-motion-3-1024x1024.jpg\" alt=\"\" class=\"wp-image-2126\" srcset=\"http:\/\/vancubavsblockade.org\/wp-content\/uploads\/2023\/05\/230525-cuba-today-a-revolution-in-motion-3-1024x1024.jpg 1024w, http:\/\/vancubavsblockade.org\/wp-content\/uploads\/2023\/05\/230525-cuba-today-a-revolution-in-motion-3-300x300.jpg 300w, http:\/\/vancubavsblockade.org\/wp-content\/uploads\/2023\/05\/230525-cuba-today-a-revolution-in-motion-3-150x150.jpg 150w, http:\/\/vancubavsblockade.org\/wp-content\/uploads\/2023\/05\/230525-cuba-today-a-revolution-in-motion-3-768x768.jpg 768w, http:\/\/vancubavsblockade.org\/wp-content\/uploads\/2023\/05\/230525-cuba-today-a-revolution-in-motion-3-1536x1536.jpg 1536w, http:\/\/vancubavsblockade.org\/wp-content\/uploads\/2023\/05\/230525-cuba-today-a-revolution-in-motion-3.jpg 1600w\" sizes=\"(max-width: 1024px) 100vw, 1024px\" \/><\/figure>\n\n\n\n<p>** La versi\u00f3n en espa\u00f1ol est\u00e1 debajo del ingl\u00e9s. **<\/p>\n\n\n\n<p>CUBA TODAY: A Revolution in Motion<br>Cubans speak in Vancouver!<\/p>\n\n\n\n<p>Join us to greet and welcome the Cuban delegation to the Latin American Studies Association Conference (LASA) to Vancouver!<\/p>\n\n\n\n<p>A free public event featuring 3 Cuban speakers!<br>All funds raised will help support Cuban delegates during their stay in Vancouver.<\/p>\n\n\n\n<p>THURSDAY MAY 25, 2023<br>MOUNT PLEASANT NEIGHBOURHOOD HOUSE<br>800 E. Broadway<br>Vancouver, Canada<br>6:30-8:30pm<\/p>\n\n\n\n<p>Cubans speak in Vancouver:<br>&gt;&gt;RA\u00daL RODR\u00cdGUEZ RODR\u00cdGUEZ &#8211; Director of the Center for Hemispheric Studies and the United States (CEHSEU)<br>&gt;&gt;RAFAEL EMILIO CERVANTES MART\u00cdNEZ &#8211; Director of History and Marxism-Leninism for Cuba&#8217;s Ministry of Higher Education<br>&gt;&gt;LEIMA MARTINEZ FREIRE \u2013 Director of the North America Desk of the Cuban Institute of Friendship with the Peoples (ICAP)<\/p>\n\n\n\n<p>Moderated by:<br>&gt;&gt;TAMARA HANSEN Coordinator of Vancouver Communities in Solidarity with Cuba (VCSC) and author of \u201c5 Decades of the Cuban Revolution: The Challenges of an Unwavering Leadership\u201d (Battle of Ideas Press)<\/p>\n\n\n\n<p>Join us to greet and welcome the Cuban delegation to the Latin American Studies Association Conference (LASA) to Vancouver. This special evening event will feature 3 Cuban speakers who will present on a range of topics under the theme \u201cCuba Today: A Revolution in Motion.\u201d The event will also feature a Coast Salish opening, live music, discussion, and a raffle! All funds raised will help support Cuban delegates during their stay in Vancouver.<\/p>\n\n\n\n<p>We acknowledge that this event will take place on the unceded and traditional territories of the x\u02b7m\u0259\u03b8k\u02b7\u0259y\u0313\u0259m (Musqueam), S\u1e35wx\u0331w\u00fa7mesh (Squamish), and s\u0259lilw\u0259ta\u026c (Tsleil-Waututh) Nations. As we defend Cuba&#8217;s right to self-determination, we also stand with Indigenous nations and defend their right to self-determination.<\/p>\n\n\n\n<p>Co-organized by:<br>Vancouver Communities in Solidarity with Cuba &amp; Friends of Cuba Against the U.S. Blockade &#8211; Vancouver<\/p>\n\n\n\n<p>Endorsed by:<br>Fire This Time Movement For Social Justice, Socialist Action BC Branch, Communist League, CPC-ML Greater Vancouver, Canadian Network on Cuba, Calixto Garcia Brigade<\/p>\n\n\n\n<p>For more info: 778-882-5223 | vancubasolidarity@gmail.com<br>http:\/\/www.VanCubaSolidarity.com<\/p>\n\n\n\n<hr class=\"wp-block-separator is-style-wide\"\/>\n\n\n\n<p>CUBA HOY: Una revoluci\u00f3n en movimiento<br>\u00a1Cubanos hablan en Vancouver!<\/p>\n\n\n\n<p>\u00a1\u00danase a nosotros para saludar y dar la bienvenida a la delegaci\u00f3n cubana a la Conferencia de la Asociaci\u00f3n de Estudios Latinoamericanos (LASA) en Vancouver!<\/p>\n\n\n\n<p>\u00a1Un evento p\u00fablico gratuito con 3 oradores cubanos!<br>Todos los fondos recaudados ayudar\u00e1n a apoyar a los delegados cubanos durante su estad\u00eda en Vancouver.<\/p>\n\n\n\n<p>JUEVES 25 DE MAYO 2023<br>MOUNT PLEASANT NEIGHBOURHOOD HOUSE<br>800 E. Broadway<br>Vancouver, Canada<br>6:30-8:30 p.m.<\/p>\n\n\n\n<p>Cubanos hablan en Vancouver<br>&gt;&gt;RA\u00daL RODR\u00cdGUEZ RODR\u00cdGUEZ \u2013 Director del Centro de Estudios Hemisf\u00e9ricos y sobre Estados Unidos (CEHSEU)<br>&gt;&gt;RAFAEL EMILIO CERVANTES MART\u00cdNEZ &#8211; Director de Historia y Marxismo Leninismo del Ministerio de Educaci\u00f3n Superior<br>&gt;&gt;LEIMA MARTINEZ FREIRE \u2013 Directora de la Oficina de Am\u00e9rica del Norte del Instituto Cubano de Amistad con los Pueblos (ICAP)<\/p>\n\n\n\n<p>Moderada por:<br>&gt;&gt;TAMARA HANSEN Coordinadora de las Comunidades de Vancouver en Solidaridad con Cuba (VCSC) y autora de \u201c5 D\u00e9cadas de la Revoluci\u00f3n Cubana: Los desaf\u00edos de un liderazgo inquebrantable\u201d (Battle of Ideas Press)<\/p>\n\n\n\n<p>\u00danase a nosotros para saludar y dar la bienvenida a la delegaci\u00f3n cubana a la Conferencia de la Asociaci\u00f3n de Estudios Latinoamericanos (LASA) en Vancouver. Este evento nocturno especial contar\u00e1 con 3 oradores cubanos que presentar\u00e1n una variedad de temas bajo el lema &#8220;Cuba hoy: una revoluci\u00f3n en movimiento&#8221;. \u00a1El evento tambi\u00e9n contar\u00e1 con una apertura de los pueblos ind\u00edgenas Coast Salish, m\u00fasica en vivo, discusi\u00f3n y una rifa! Todos los fondos recaudados ayudar\u00e1n a apoyar a los delegados cubanos durante su estad\u00eda en Vancouver.<\/p>\n\n\n\n<p>Reconocemos que este evento tendr\u00e1 lugar en los territorios tradicionales y no cedidos de las naciones x\u02b7m\u0259\u03b8k\u02b7\u0259y\u0313\u0259m (Musqueam), S\u1e35wx\u0331w\u00fa7mesh (Squamish) y s\u0259lilw\u0259ta\u026c (Tsleil-Waututh). Mientras defendemos el derecho de Cuba a la autodeterminaci\u00f3n, tambi\u00e9n apoyamos a las naciones ind\u00edgenas y defendemos su derecho a la autodeterminaci\u00f3n.<\/p>\n\n\n\n<p>Coorganizado por:<br>Vancouver Communities in Solidarity with Cuba<br>Friends of Cuba Against the U.S. Blockade &#8211; Vancouver<\/p>\n\n\n\n<p>Aprobado por:<br>Fire This Time Movement For Social Justice, Socialist Action BC Branch, Communist League, CPC-ML Greater Vancouver, Canadian Network on Cuba, Calixto Garcia Brigade<\/p>\n\n\n\n<p>Para m\u00e1s informaci\u00f3n: 778-882-5223 | vancubasolidarity@gmail.com<br>http:\/\/www.VanCubaSolidarity.com<\/p>\n","protected":false},"excerpt":{"rendered":"<p>** La versi\u00f3n en espa\u00f1ol est\u00e1 debajo del ingl\u00e9s. ** CUBA TODAY: A Revolution in MotionCubans speak in Vancouver! Join us to greet and welcome the Cuban delegation to the Latin American Studies Association Conference (LASA) to Vancouver! A free public event featuring 3 Cuban speakers!All funds raised will help support Cuban delegates during their stay in Vancouver. THURSDAY MAY 25, 2023MOUNT PLEASANT NEIGHBOURHOOD HOUSE800 E. BroadwayVancouver, Canada6:30-8:30pm Cubans speak in Vancouver:&gt;&gt;RA\u00daL RODR\u00cdGUEZ RODR\u00cdGUEZ &#8211; Director of the Center for Hemispheric Studies and the United States (CEHSEU)&gt;&gt;RAFAEL EMILIO CERVANTES MART\u00cdNEZ &#8211; Director of History and Marxism-Leninism for Cuba&#8217;s Ministry of Higher Education&gt;&gt;LEIMA MARTINEZ FREIRE \u2013 Director of the North America Desk of the Cuban Institute of Friendship with the Peoples (ICAP) Moderated by:&gt;&gt;TAMARA HANSEN Coordinator of Vancouver Communities in Solidarity with Cuba (VCSC) and author of \u201c5 Decades of the Cuban Revolution: The Challenges of an Unwavering Leadership\u201d (Battle of Ideas Press) Join us to greet and welcome the Cuban delegation to the Latin American Studies Association Conference (LASA) to Vancouver. This special evening event will feature 3 Cuban speakers who will present on a range of topics under the theme \u201cCuba Today: A Revolution in Motion.\u201d The event will [&#8230;]<\/p>\n","protected":false},"author":1,"featured_media":2126,"comment_status":"closed","ping_status":"closed","sticky":false,"template":"","format":"standard","meta":{"spay_email":"","jetpack_publicize_message":"","jetpack_is_tweetstorm":false},"categories":[13,2],"tags":[],"jetpack_featured_media_url":"http:\/\/vancubavsblockade.org\/wp-content\/uploads\/2023\/05\/230525-cuba-today-a-revolution-in-motion-3.jpg","jetpack_publicize_connections":[],"jetpack_sharing_enabled":true,"jetpack_shortlink":"https:\/\/wp.me\/p7dbkE-y9","_links":{"self":[{"href":"http:\/\/vancubavsblockade.org\/index.php\/wp-json\/wp\/v2\/posts\/2117"}],"collection":[{"href":"http:\/\/vancubavsblockade.org\/index.php\/wp-json\/wp\/v2\/posts"}],"about":[{"href":"http:\/\/vancubavsblockade.org\/index.php\/wp-json\/wp\/v2\/types\/post"}],"author":[{"embeddable":true,"href":"http:\/\/vancubavsblockade.org\/index.php\/wp-json\/wp\/v2\/users\/1"}],"replies":[{"embeddable":true,"href":"http:\/\/vancubavsblockade.org\/index.php\/wp-json\/wp\/v2\/comments?post=2117"}],"version-history":[{"count":6,"href":"http:\/\/vancubavsblockade.org\/index.php\/wp-json\/wp\/v2\/posts\/2117\/revisions"}],"predecessor-version":[{"id":2129,"href":"http:\/\/vancubavsblockade.org\/index.php\/wp-json\/wp\/v2\/posts\/2117\/revisions\/2129"}],"wp:featuredmedia":[{"embeddable":true,"href":"http:\/\/vancubavsblockade.org\/index.php\/wp-json\/wp\/v2\/media\/2126"}],"wp:attachment":[{"href":"http:\/\/vancubavsblockade.org\/index.php\/wp-json\/wp\/v2\/media?parent=2117"}],"wp:term":[{"taxonomy":"category","embeddable":true,"href":"http:\/\/vancubavsblockade.org\/index.php\/wp-json\/wp\/v2\/categories?post=2117"},{"taxonomy":"post_tag","embeddable":true,"href":"http:\/\/vancubavsblockade.org\/index.php\/wp-json\/wp\/v2\/tags?post=2117"}],"curies":[{"name":"wp","href":"https:\/\/api.w.org\/{rel}","templated":true}]}}