{"id":333,"date":"2016-02-06T13:51:41","date_gmt":"2016-02-06T21:51:41","guid":{"rendered":"http:\/\/vancubavsblockade.org\/?p=333"},"modified":"2016-02-06T13:58:37","modified_gmt":"2016-02-06T21:58:37","slug":"cuban-film-cultural-night-in-vancouver","status":"publish","type":"post","link":"https:\/\/vancubavsblockade.org\/index.php\/2016\/02\/06\/cuban-film-cultural-night-in-vancouver\/","title":{"rendered":"Cuban Film &#038; Cultural Night in Vancouver!"},"content":{"rendered":"<p><a href=\"http:\/\/vancubavsblockade.org\/wp-content\/uploads\/2016\/02\/160212-jose-marti-film.jpg\"><img data-attachment-id=\"334\" data-permalink=\"https:\/\/vancubavsblockade.org\/index.php\/2016\/02\/06\/cuban-film-cultural-night-in-vancouver\/160212-jose-marti-film\/\" data-orig-file=\"https:\/\/vancubavsblockade.org\/wp-content\/uploads\/2016\/02\/160212-jose-marti-film.jpg\" data-orig-size=\"3300,5100\" data-comments-opened=\"1\" data-image-meta=\"{&quot;aperture&quot;:&quot;0&quot;,&quot;credit&quot;:&quot;&quot;,&quot;camera&quot;:&quot;&quot;,&quot;caption&quot;:&quot;&quot;,&quot;created_timestamp&quot;:&quot;0&quot;,&quot;copyright&quot;:&quot;&quot;,&quot;focal_length&quot;:&quot;0&quot;,&quot;iso&quot;:&quot;0&quot;,&quot;shutter_speed&quot;:&quot;0&quot;,&quot;title&quot;:&quot;&quot;,&quot;orientation&quot;:&quot;0&quot;}\" data-image-title=\"160212 jose marti film\" data-image-description=\"\" data-medium-file=\"https:\/\/vancubavsblockade.org\/wp-content\/uploads\/2016\/02\/160212-jose-marti-film-194x300.jpg\" data-large-file=\"https:\/\/vancubavsblockade.org\/wp-content\/uploads\/2016\/02\/160212-jose-marti-film-663x1024.jpg\" loading=\"lazy\" class=\"alignleft wp-image-334 size-large\" src=\"http:\/\/vancubavsblockade.org\/wp-content\/uploads\/2016\/02\/160212-jose-marti-film-663x1024.jpg\" alt=\"160212 jose marti film\" width=\"663\" height=\"1024\" srcset=\"https:\/\/vancubavsblockade.org\/wp-content\/uploads\/2016\/02\/160212-jose-marti-film-663x1024.jpg 663w, https:\/\/vancubavsblockade.org\/wp-content\/uploads\/2016\/02\/160212-jose-marti-film-194x300.jpg 194w\" sizes=\"(max-width: 663px) 100vw, 663px\" \/><\/a><span class=\"fsl\">Join Vancouver Communities in Solidarity with Cuba (VCSC) for a Cuban Film &amp; Cultural Night!<\/span><\/p>\n<p>The evening will feature live music, poetry and screening of the beautiful &amp; revolutionary Cuban film:<\/p>\n<p>Jos\u00e9 Mart\u00ed: The Eye Of The Canary<br \/>\n(Jos\u00e9 Mart\u00ed: El ojo del canario)<\/p>\n<p>Cuba \/ Spain, 2011<br \/>\nDuration: 02:00<br \/>\nDirector &amp; Writer: Fernando P\u00e9rez Producer: Rafael Rey Cinematographer: Ra\u00fal P\u00e9rez Ureta Editor: Julio Yip Music: Edesio Alejandro Cast: Daniel Romero, Rolando Brito, Broselianda Hern\u00e1ndez, Francisco L\u00f3pez<\/p>\n<p>Little is known of the childhood and youth of the great 19th-century Cuban liberator, Jos\u00e9 Mart\u00ed. This robust biopic imagines his early years. The son of a magistrate, the precocious Mart\u00ed \u2014 \u201cPepe\u201d to family and<span class=\"text_exposed_show\"> friends \u2014 takes an early interest in justice. Gradually he enters the nascent independence movement and, not yet 18, is arrested for sedition. Respectful, yet not worshipful, this is a portrait of the revolutionary as a young man, and a stirring historical drama besides.<\/span><\/p>\n<p>Jos\u00e9 Mart\u00ed: The Eye of the Canary was awarded the Ariel for Best Latin American Film at the Mexican Academy Awards in 2011.<\/p>\n<p>Esta pel\u00edcula relata las vivencias de Jos\u00e9 Mart\u00ed entre los 9 y los 17: los \u00fanicos a\u00f1os en que conoci\u00f3 de cerca a su patria y en los que aprendi\u00f3 a amarla y entenderla. Hacer esta obra que le tom\u00f3 el resto de su vida. No es una biograf\u00eda: es un itinerario espiritual.<\/p>\n<p>&#8221;Jos\u00e9 Mart\u00ed fue un hombre de una sensibilidad muy especial que marc\u00f3 la historia de Cuba, pero tambi\u00e9n fue un ser humano com\u00fan, corriente, como cualquiera de nosotros. Creo que eso es lo que hace grande a los grandes hombres. Mi pel\u00edcula se sumerge en la complejidad cotidiana que form\u00f3 el car\u00e1cter de Mart\u00ed durante su infancia y adolescencia. La mirada ser\u00e1 m\u00e1s personal que hist\u00f3rica, m\u00e1s subjetiva que biogr\u00e1fica. Cada cubano tiene su Mart\u00ed. En este filme, yo tratar\u00e9 de expresar el m\u00edo.&#8221; -Fernando P\u00e9rez, Director<\/p>\n<p><span class=\"fsl\"><span class=\"text_exposed_show\">Organised by:<br \/>\nVANCOUVER COMMUNITIES IN SOLIDARITY WITH CUBA (VCSC)<br \/>\n(Member of the Canadian Network on Cuba-CNC)<br \/>\nWeb: <a href=\"http:\/\/www.vancubasolidarity.com\/\" target=\"_blank\" rel=\"nofollow nofollow\">http:\/\/<wbr \/>www.vancubasolidarity.com\/<\/a><\/span><\/span><\/p>\n","protected":false},"excerpt":{"rendered":"<p>Join Vancouver Communities in Solidarity with Cuba (VCSC) for a Cuban Film &amp; Cultural Night! The evening will feature live music, poetry and screening of the beautiful &amp; revolutionary Cuban film: Jos\u00e9 Mart\u00ed: The Eye Of The Canary (Jos\u00e9 Mart\u00ed: El ojo del canario) Cuba \/ Spain, 2011 Duration: 02:00 Director &amp; Writer: Fernando P\u00e9rez Producer: Rafael Rey Cinematographer: Ra\u00fal P\u00e9rez Ureta Editor: Julio Yip Music: Edesio Alejandro Cast: Daniel Romero, Rolando Brito, Broselianda Hern\u00e1ndez, Francisco L\u00f3pez Little is known of the childhood and youth of the great 19th-century Cuban liberator, Jos\u00e9 Mart\u00ed. This robust biopic imagines his early years. The son of a magistrate, the precocious Mart\u00ed \u2014 \u201cPepe\u201d to family and friends \u2014 takes an early interest in justice. Gradually he enters the nascent independence movement and, not yet 18, is arrested for sedition. Respectful, yet not worshipful, this is a portrait of the revolutionary as a young man, and a stirring historical drama besides. Jos\u00e9 Mart\u00ed: The Eye of the Canary was awarded the Ariel for Best Latin American Film at the Mexican Academy Awards in 2011. Esta pel\u00edcula relata las vivencias de Jos\u00e9 Mart\u00ed entre los 9 y los 17: los \u00fanicos a\u00f1os en que conoci\u00f3 [&#8230;]<\/p>\n","protected":false},"author":1,"featured_media":344,"comment_status":"open","ping_status":"open","sticky":false,"template":"","format":"standard","meta":{"spay_email":"","jetpack_publicize_message":"","jetpack_is_tweetstorm":false},"categories":[13,2],"tags":[],"jetpack_featured_media_url":"https:\/\/vancubavsblockade.org\/wp-content\/uploads\/2016\/02\/160212-jose-marti-film-banner.jpg","jetpack_publicize_connections":[],"jetpack_sharing_enabled":true,"jetpack_shortlink":"https:\/\/wp.me\/p7dbkE-5n","_links":{"self":[{"href":"https:\/\/vancubavsblockade.org\/index.php\/wp-json\/wp\/v2\/posts\/333"}],"collection":[{"href":"https:\/\/vancubavsblockade.org\/index.php\/wp-json\/wp\/v2\/posts"}],"about":[{"href":"https:\/\/vancubavsblockade.org\/index.php\/wp-json\/wp\/v2\/types\/post"}],"author":[{"embeddable":true,"href":"https:\/\/vancubavsblockade.org\/index.php\/wp-json\/wp\/v2\/users\/1"}],"replies":[{"embeddable":true,"href":"https:\/\/vancubavsblockade.org\/index.php\/wp-json\/wp\/v2\/comments?post=333"}],"version-history":[{"count":7,"href":"https:\/\/vancubavsblockade.org\/index.php\/wp-json\/wp\/v2\/posts\/333\/revisions"}],"predecessor-version":[{"id":342,"href":"https:\/\/vancubavsblockade.org\/index.php\/wp-json\/wp\/v2\/posts\/333\/revisions\/342"}],"wp:featuredmedia":[{"embeddable":true,"href":"https:\/\/vancubavsblockade.org\/index.php\/wp-json\/wp\/v2\/media\/344"}],"wp:attachment":[{"href":"https:\/\/vancubavsblockade.org\/index.php\/wp-json\/wp\/v2\/media?parent=333"}],"wp:term":[{"taxonomy":"category","embeddable":true,"href":"https:\/\/vancubavsblockade.org\/index.php\/wp-json\/wp\/v2\/categories?post=333"},{"taxonomy":"post_tag","embeddable":true,"href":"https:\/\/vancubavsblockade.org\/index.php\/wp-json\/wp\/v2\/tags?post=333"}],"curies":[{"name":"wp","href":"https:\/\/api.w.org\/{rel}","templated":true}]}}