{"id":616,"date":"2016-11-28T14:43:36","date_gmt":"2016-11-28T22:43:36","guid":{"rendered":"http:\/\/vancubavsblockade.org\/?p=616"},"modified":"2016-11-28T14:43:36","modified_gmt":"2016-11-28T22:43:36","slug":"vancouver-remembers-fidel-open-house","status":"publish","type":"post","link":"https:\/\/vancubavsblockade.org\/index.php\/2016\/11\/28\/vancouver-remembers-fidel-open-house\/","title":{"rendered":"Vancouver Remembers Fidel! &#8211; Open House"},"content":{"rendered":"<p><span class=\"_4n-j fsl\">*** Vancouver Remembers Fidel! ***<br \/>\n&#8211; Open House &#8211;<br \/>\n*Sign book of condolences, share some refreshments &amp; informal talks and discussion*<br \/>\nTUESDAY, NOVEMBER 29<br \/>\n5-7:30pm<br \/>\nMOUNT PLEASANT<br \/>\nNEIGHBOURHOOD HOUSE<br \/>\n(800 E. Broadway)<br \/>\nVancouver, Canada<br \/>\n<span class=\"text_exposed_show\"><br \/>\nOn Friday November 25th at 10:29pm Fidel Castro, the outstanding Cuban revolutionary leader, passed away. He was 90 years old. Fidel leaves behind an incredible legacy of over 70 years of steadfast commitment and accomplishments in the fight for a better world. We offer our heartfelt condolences to Ra\u00fal, his family, the people of Cuba and millions of people everywhere for whom Fidel holds such an important place.<\/p>\n<p>Join us as we come together to commemorate the life of Comandante Fidel. Now is the time for all of us to work together to keep up the fight in the ongoing struggle for a new and better world. This is how we best honour the legacy of this tireless, humble, incredible and one of a kind revolutionary.<\/p>\n<p>VIVA FIDEL!<br \/>\nFIDEL PRESENTE!<br \/>\nHASTA LA VICTORIA SIEMPRE!<br \/>\nUNTIL VICTORY, FIDEL ALWAYS!<br \/>\nVENCEREMOS!<\/p>\n<p>_____<\/p>\n<p>*** Vancouver recuerda Fidel! ***<br \/>\nComemorando la Vida, el Legado y los Logros del Comandante Fidel Castro<\/p>\n<p>&#8211; Casa abierta &#8211;<br \/>\n* Firmar libro de condolencias, compartir algunos refrescos &amp; charlas informales y discusi\u00f3n *<br \/>\nMARTES, 29 DE NOVIEMBRE<br \/>\n5-7:30pm<br \/>\nMOUNT PLEASANT<br \/>\nNEIGHBOURHOOD HOUSE<br \/>\n(800 E. Broadway)<br \/>\nVancouver, Canada<\/p>\n<p>El viernes 25 de noviembre a las 22.29 falleci\u00f3 Fidel Castro, destacado l\u00edder revolucionario cubano, a la edad de 90 a\u00f1os. Fidel Castro dej\u00f3 atr\u00e1s un legado de m\u00e1s de 70 a\u00f1os de compromiso y firmes logros en la lucha por un mundo mejor. Ofrecemos nuestras m\u00e1s sinceras condolencias a Ra\u00fal y dem\u00e1s familiares, al pueblo cubano y a millones de personas en todas partes del mundo para las que Fidel ocupa un lugar importante en sus vidas.<\/p>\n<p>\u00danase a nosotros para conmemorar la vida del Comandante Fidel. Ahora es el momento para trabajar todos juntos y mantener la lucha por un mundo nuevo y mejor. As\u00ed es como queremos honrar el legado de este revolucionario incansable, humilde, incre\u00edble y \u00fanico.<\/p>\n<p>VIVA FIDEL!<br \/>\nFIDEL PRESENTE!<br \/>\nHASTA LA VICTORIA SIEMPRE!<br \/>\nVENCEREMOS!<\/p>\n<p>Organized by:<br \/>\nVANCOUVER COMMUNITIES IN SOLIDARITY WITH CUBA (VCSC)<br \/>\n(Member of the Canadian Network on Cuba-CNC)<br \/>\nWeb: <a href=\"http:\/\/l.facebook.com\/l.php?u=http%3A%2F%2Fwww.vancubasolidarity.com%2F&amp;h=ATMm-c7Xo6NMJlVM0_ovqzRtvqhhShND--GuI-NVwbgaVVG8zcJy3aI6fCm3OjrJRTi6OTTyJEkf4egOk7m-wGxvK3FI2z19cfX7u1nhdYqXessWDqIEptWWIQUOCVGGaWwS&amp;enc=AZOnESprlEa23FVhIR5H3b0VIm9sYAaJT0MFlctjHudZVqvx1ovrE9sFHnH-rVXy57I&amp;s=1\" target=\"_blank\" rel=\"nofollow nofollow\">http:\/\/<wbr \/>www.vancubasolidarity.com\/<\/a><br \/>\nEmail: vancubasolidarity@gmail.co<wbr \/>m<br \/>\nPhone: 778-882-5223<br \/>\nYoutube: <a href=\"http:\/\/www.youtube.com\/vancubasolidarity\" target=\"_blank\" rel=\"nofollow nofollow\">http:\/\/www.youtube.com\/<wbr \/>vancubasolidarity<\/a><br \/>\nTwitter: @VanCuba_VCSC<br \/>\nFlickr: <a href=\"https:\/\/www.flickr.com\/photos\/vancuba\" target=\"_blank\" rel=\"nofollow nofollow\">https:\/\/www.flickr.com\/<wbr \/>photos\/vancuba<\/a><br \/>\nFacebook: Vancouver Communities in Solidarity with Cuba (VCSC) <\/span><\/span><\/p>\n","protected":false},"excerpt":{"rendered":"<p>*** Vancouver Remembers Fidel! *** &#8211; Open House &#8211; *Sign book of condolences, share some refreshments &amp; informal talks and discussion* TUESDAY, NOVEMBER 29 5-7:30pm MOUNT PLEASANT NEIGHBOURHOOD HOUSE (800 E. Broadway) Vancouver, Canada On Friday November 25th at 10:29pm Fidel Castro, the outstanding Cuban revolutionary leader, passed away. He was 90 years old. Fidel leaves behind an incredible legacy of over 70 years of steadfast commitment and accomplishments in the fight for a better world. We offer our heartfelt condolences to Ra\u00fal, his family, the people of Cuba and millions of people everywhere for whom Fidel holds such an important place. Join us as we come together to commemorate the life of Comandante Fidel. Now is the time for all of us to work together to keep up the fight in the ongoing struggle for a new and better world. This is how we best honour the legacy of this tireless, humble, incredible and one of a kind revolutionary. VIVA FIDEL! FIDEL PRESENTE! HASTA LA VICTORIA SIEMPRE! UNTIL VICTORY, FIDEL ALWAYS! VENCEREMOS! _____ *** Vancouver recuerda Fidel! *** Comemorando la Vida, el Legado y los Logros del Comandante Fidel Castro &#8211; Casa abierta &#8211; * Firmar libro de condolencias, [&#8230;]<\/p>\n","protected":false},"author":1,"featured_media":617,"comment_status":"open","ping_status":"open","sticky":false,"template":"","format":"standard","meta":{"spay_email":"","jetpack_publicize_message":"Vancouver Remembers Fidel! - Open House #FidelCastro #FidelEterno #Cuba #vanpoli","jetpack_is_tweetstorm":false},"categories":[13,2],"tags":[],"jetpack_featured_media_url":"https:\/\/vancubavsblockade.org\/wp-content\/uploads\/2016\/11\/161129-Fidel-commemoration-open-house.jpg","jetpack_publicize_connections":[],"jetpack_sharing_enabled":true,"jetpack_shortlink":"https:\/\/wp.me\/p7dbkE-9W","_links":{"self":[{"href":"https:\/\/vancubavsblockade.org\/index.php\/wp-json\/wp\/v2\/posts\/616"}],"collection":[{"href":"https:\/\/vancubavsblockade.org\/index.php\/wp-json\/wp\/v2\/posts"}],"about":[{"href":"https:\/\/vancubavsblockade.org\/index.php\/wp-json\/wp\/v2\/types\/post"}],"author":[{"embeddable":true,"href":"https:\/\/vancubavsblockade.org\/index.php\/wp-json\/wp\/v2\/users\/1"}],"replies":[{"embeddable":true,"href":"https:\/\/vancubavsblockade.org\/index.php\/wp-json\/wp\/v2\/comments?post=616"}],"version-history":[{"count":1,"href":"https:\/\/vancubavsblockade.org\/index.php\/wp-json\/wp\/v2\/posts\/616\/revisions"}],"predecessor-version":[{"id":618,"href":"https:\/\/vancubavsblockade.org\/index.php\/wp-json\/wp\/v2\/posts\/616\/revisions\/618"}],"wp:featuredmedia":[{"embeddable":true,"href":"https:\/\/vancubavsblockade.org\/index.php\/wp-json\/wp\/v2\/media\/617"}],"wp:attachment":[{"href":"https:\/\/vancubavsblockade.org\/index.php\/wp-json\/wp\/v2\/media?parent=616"}],"wp:term":[{"taxonomy":"category","embeddable":true,"href":"https:\/\/vancubavsblockade.org\/index.php\/wp-json\/wp\/v2\/categories?post=616"},{"taxonomy":"post_tag","embeddable":true,"href":"https:\/\/vancubavsblockade.org\/index.php\/wp-json\/wp\/v2\/tags?post=616"}],"curies":[{"name":"wp","href":"https:\/\/api.w.org\/{rel}","templated":true}]}}